{"id":101,"count":19,"description":"","link":"https:\/\/derbe.it\/de\/produkt-kategorie\/masken-und-balsame\/","name":"Masken und Balsame","slug":"masken-und-balsame","taxonomy":"product_cat","parent":0,"meta":[],"acf":[],"yoast_head":"<!-- This site is optimized with the Yoast SEO Premium plugin v26.1 (Yoast SEO v26.8) - https:\/\/yoast.com\/product\/yoast-seo-premium-wordpress\/ -->\n<title>Maschere e balsami - Derbe - cosmetici naturali<\/title>\n<meta name=\"description\" content=\"I balsami e le maschere Derbe agiscono in profondit\u00e0 per rigenerare la fibra capillare, donando idratazione, lucentezza e forza ai capelli. Perfetti per completare la routine dopo lo shampoo, aiutano a proteggere anche i capelli pi\u00f9 stressati, secchi o trattati. Scopri la linea di maschere e balsami Derbe e scegli il trattamento pi\u00f9 adatto per la tua chioma.\" \/>\n<meta name=\"robots\" content=\"index, follow, max-snippet:-1, max-image-preview:large, max-video-preview:-1\" \/>\n<link rel=\"canonical\" href=\"https:\/\/derbe.it\/de\/produkt-kategorie\/masken-und-balsame\/\" \/>\n<meta property=\"og:locale\" content=\"de_DE\" \/>\n<meta property=\"og:type\" content=\"article\" \/>\n<meta property=\"og:title\" content=\"Maschere e balsami\" \/>\n<meta property=\"og:description\" content=\"I balsami e le maschere Derbe agiscono in profondit\u00e0 per rigenerare la fibra capillare, donando idratazione, lucentezza e forza ai capelli. Perfetti per completare la routine dopo lo shampoo, aiutano a proteggere anche i capelli pi\u00f9 stressati, secchi o trattati. Scopri la linea di maschere e balsami Derbe e scegli il trattamento pi\u00f9 adatto per la tua chioma.\" \/>\n<meta property=\"og:url\" content=\"https:\/\/derbe.it\/de\/produkt-kategorie\/masken-und-balsame\/\" \/>\n<meta property=\"og:site_name\" content=\"Derbe - cosmetici naturali\" \/>\n<meta name=\"twitter:card\" content=\"summary_large_image\" \/>\n<script type=\"application\/ld+json\" class=\"yoast-schema-graph\">{\"@context\":\"https:\/\/schema.org\",\"@graph\":[{\"@type\":\"CollectionPage\",\"@id\":\"https:\/\/derbe.it\/categoria-prodotto\/maschere-e-balsami\/\",\"url\":\"https:\/\/derbe.it\/categoria-prodotto\/maschere-e-balsami\/\",\"name\":\"Maschere e balsami - Derbe - cosmetici naturali\",\"isPartOf\":{\"@id\":\"https:\/\/derbe.it\/#website\"},\"description\":\"I balsami e le maschere Derbe agiscono in profondit\u00e0 per rigenerare la fibra capillare, donando idratazione, lucentezza e forza ai capelli. Perfetti per completare la routine dopo lo shampoo, aiutano a proteggere anche i capelli pi\u00f9 stressati, secchi o trattati. Scopri la linea di maschere e balsami Derbe e scegli il trattamento pi\u00f9 adatto per la tua chioma.\",\"breadcrumb\":{\"@id\":\"https:\/\/derbe.it\/categoria-prodotto\/maschere-e-balsami\/#breadcrumb\"},\"inLanguage\":\"de\"},{\"@type\":\"BreadcrumbList\",\"@id\":\"https:\/\/derbe.it\/categoria-prodotto\/maschere-e-balsami\/#breadcrumb\",\"itemListElement\":[{\"@type\":\"ListItem\",\"position\":1,\"name\":\"Home\",\"item\":\"https:\/\/derbe.it\/\"},{\"@type\":\"ListItem\",\"position\":2,\"name\":\"Maschere e balsami\"}]},{\"@type\":\"WebSite\",\"@id\":\"https:\/\/derbe.it\/#website\",\"url\":\"https:\/\/derbe.it\/\",\"name\":\"Derbe\",\"description\":\"Da oltre 50 anni - Made in italy - prodotti per capelli e corpo con estratti vegetali e formule sostenibili\",\"publisher\":{\"@id\":\"https:\/\/derbe.it\/#organization\"},\"potentialAction\":[{\"@type\":\"SearchAction\",\"target\":{\"@type\":\"EntryPoint\",\"urlTemplate\":\"https:\/\/derbe.it\/?s={search_term_string}\"},\"query-input\":{\"@type\":\"PropertyValueSpecification\",\"valueRequired\":true,\"valueName\":\"search_term_string\"}}],\"inLanguage\":\"de\"},{\"@type\":\"Organization\",\"@id\":\"https:\/\/derbe.it\/#organization\",\"name\":\"Derbe\",\"url\":\"https:\/\/derbe.it\/\",\"logo\":{\"@type\":\"ImageObject\",\"inLanguage\":\"de\",\"@id\":\"https:\/\/derbe.it\/#\/schema\/logo\/image\/\",\"url\":\"https:\/\/derbe.it\/wp-content\/uploads\/2025\/06\/logo_derbe_firenze.png\",\"contentUrl\":\"https:\/\/derbe.it\/wp-content\/uploads\/2025\/06\/logo_derbe_firenze.png\",\"width\":1200,\"height\":497,\"caption\":\"Derbe\"},\"image\":{\"@id\":\"https:\/\/derbe.it\/#\/schema\/logo\/image\/\"},\"sameAs\":[\"https:\/\/www.facebook.com\/evoderbebio\",\"https:\/\/www.instagram.com\/derbe.official\/\"],\"email\":\"info@derbe.it\",\"telephone\":\"+39 055 42 11 799\",\"legalName\":\"Derbe S.r.l. a socio unico\",\"vatID\":\"07272610481\"}]}<\/script>\n<!-- \/ Yoast SEO Premium plugin. -->","yoast_head_json":{"title":"Masken und Balsame \u2013 Derbe \u2013 Naturkosmetik","description":"Die Derbe Sp\u00fclungen und Haarmasken regenerieren die Haarfaser tiefenwirksam und spenden Feuchtigkeit, Glanz und Kraft. Sie erg\u00e4nzen Ihre Pflege nach der Haarw\u00e4sche und sch\u00fctzen selbst strapaziertes, trockenes oder stark behandeltes Haar. Entdecken Sie die Derbe Masken und Sp\u00fclungen und w\u00e4hlen Sie die passende Pflege f\u00fcr Ihr Haar.","robots":{"index":"index","follow":"follow","max-snippet":"max-snippet:-1","max-image-preview":"max-image-preview:large","max-video-preview":"max-video-preview:-1"},"canonical":"https:\/\/derbe.it\/de\/produkt-kategorie\/masken-und-balsame\/","og_locale":"de_DE","og_type":"article","og_title":"Maschere e balsami","og_description":"I balsami e le maschere Derbe agiscono in profondit\u00e0 per rigenerare la fibra capillare, donando idratazione, lucentezza e forza ai capelli. Perfetti per completare la routine dopo lo shampoo, aiutano a proteggere anche i capelli pi\u00f9 stressati, secchi o trattati. Scopri la linea di maschere e balsami Derbe e scegli il trattamento pi\u00f9 adatto per la tua chioma.","og_url":"https:\/\/derbe.it\/de\/produkt-kategorie\/masken-und-balsame\/","og_site_name":"Derbe - cosmetici naturali","twitter_card":"summary_large_image","schema":{"@context":"https:\/\/schema.org","@graph":[{"@type":"CollectionPage","@id":"https:\/\/derbe.it\/categoria-prodotto\/maschere-e-balsami\/","url":"https:\/\/derbe.it\/categoria-prodotto\/maschere-e-balsami\/","name":"Masken und Balsame \u2013 Derbe \u2013 Naturkosmetik","isPartOf":{"@id":"https:\/\/derbe.it\/#website"},"description":"Die Derbe Sp\u00fclungen und Haarmasken regenerieren die Haarfaser tiefenwirksam und spenden Feuchtigkeit, Glanz und Kraft. Sie erg\u00e4nzen Ihre Pflege nach der Haarw\u00e4sche und sch\u00fctzen selbst strapaziertes, trockenes oder stark behandeltes Haar. Entdecken Sie die Derbe Masken und Sp\u00fclungen und w\u00e4hlen Sie die passende Pflege f\u00fcr Ihr Haar.","breadcrumb":{"@id":"https:\/\/derbe.it\/categoria-prodotto\/maschere-e-balsami\/#breadcrumb"},"inLanguage":"de"},{"@type":"BreadcrumbList","@id":"https:\/\/derbe.it\/categoria-prodotto\/maschere-e-balsami\/#breadcrumb","itemListElement":[{"@type":"ListItem","position":1,"name":"Home","item":"https:\/\/derbe.it\/"},{"@type":"ListItem","position":2,"name":"Maschere e balsami"}]},{"@type":"WebSite","@id":"https:\/\/derbe.it\/#website","url":"https:\/\/derbe.it\/","name":"Derbe","description":"Seit \u00fcber 50 Jahren \u2013 Hergestellt in Italien \u2013 Haar- und K\u00f6rperpflegeprodukte mit Pflanzenextrakten und nachhaltigen Rezepturen","publisher":{"@id":"https:\/\/derbe.it\/#organization"},"potentialAction":[{"@type":"SearchAction","target":{"@type":"EntryPoint","urlTemplate":"https:\/\/derbe.it\/?s={search_term_string}"},"query-input":{"@type":"PropertyValueSpecification","valueRequired":true,"valueName":"search_term_string"}}],"inLanguage":"de"},{"@type":"Organization","@id":"https:\/\/derbe.it\/#organization","name":"Derbe","url":"https:\/\/derbe.it\/","logo":{"@type":"ImageObject","inLanguage":"de","@id":"https:\/\/derbe.it\/#\/schema\/logo\/image\/","url":"https:\/\/derbe.it\/wp-content\/uploads\/2025\/06\/logo_derbe_firenze.png","contentUrl":"https:\/\/derbe.it\/wp-content\/uploads\/2025\/06\/logo_derbe_firenze.png","width":1200,"height":497,"caption":"Derbe"},"image":{"@id":"https:\/\/derbe.it\/#\/schema\/logo\/image\/"},"sameAs":["https:\/\/www.facebook.com\/evoderbebio","https:\/\/www.instagram.com\/derbe.official\/"],"email":"info@derbe.it","telephone":"+39 055 42 11 799","legalName":"Derbe S.r.l. a socio unico","vatID":"07272610481"}]}},"_links":{"self":[{"href":"https:\/\/derbe.it\/de\/wp-json\/wp\/v2\/product_cat\/101","targetHints":{"allow":["GET"]}}],"collection":[{"href":"https:\/\/derbe.it\/de\/wp-json\/wp\/v2\/product_cat"}],"about":[{"href":"https:\/\/derbe.it\/de\/wp-json\/wp\/v2\/taxonomies\/product_cat"}],"wp:post_type":[{"href":"https:\/\/derbe.it\/de\/wp-json\/wp\/v2\/product?product_cat=101"}],"curies":[{"name":"wp","href":"https:\/\/api.w.org\/{rel}","templated":true}]}}